{"id":14579,"date":"2024-01-21T01:01:05","date_gmt":"2024-01-21T00:01:05","guid":{"rendered":"https:\/\/quercus-rc.be\/?p=14579"},"modified":"2024-02-28T15:45:26","modified_gmt":"2024-02-28T14:45:26","slug":"fiscalite-des-contrats-de-capitalisation-luxembourgeois-a-destination-des-societes-etablies-en-belgique","status":"publish","type":"post","link":"http:\/\/quercus-rc.be\/en\/2024\/01\/21\/fiscalite-des-contrats-de-capitalisation-luxembourgeois-a-destination-des-societes-etablies-en-belgique\/","title":{"rendered":"Fiscalit\u00e9 des contrats de capitalisation (Lux)"},"content":{"rendered":"<p class=\"wp-block-paragraph\">La loi du 28 d\u00e9cembre 2023 portant des dispositions fiscales diverses a \u00e9t\u00e9 publi\u00e9e au Moniteur Belge le 29 d\u00e9cembre 2023 et est <strong>entr\u00e9e en vigueur le lundi 8 janvier 2024<\/strong>.<\/p>\n\n\n\n<p class=\"wp-block-paragraph\">La loi modifie l\u2019article 362bis du CIR92 entrainant une modification de la fiscalit\u00e9 des <strong>contrats de capitalisation luxembourgeois souscrits par les soci\u00e9t\u00e9s soumises \u00e0 l\u2019imp\u00f4t des soci\u00e9t\u00e9s<\/strong>, de mani\u00e8re \u00e0 int\u00e9grer directement dans la loi les modalit\u00e9s d\u00e9fendues par le Service des D\u00e9cisions Anticip\u00e9es au sein du dernier ruling sur le sujet.<\/p>\n\n\n\n<p class=\"wp-block-paragraph\">En cons\u00e9quence, les plus-values\/moins-values (m\u00eame latentes) des contrats de capitalisation luxembourgeois sont <strong>imposables\/d\u00e9ductibles annuellement<\/strong> \u00e0 titre d\u2019int\u00e9r\u00eats courus. Celles-ci r\u00e9sultent de la diff\u00e9rence entre d&#8217;une part la valeur de la cr\u00e9ance repr\u00e9sentative de ce contrat de capitalisation dont dispose la soci\u00e9t\u00e9 sur une entreprise d&#8217;assurance au terme de la p\u00e9riode imposable et d&#8217;autre part, les montants vers\u00e9s au titre de prime en ex\u00e9cution de ce contrat. Il s\u2018agit donc de la valeur de rachat du contrat diminu\u00e9e de la valeur des primes vers\u00e9es. A cela, il faut toutefois d\u00e9duire la partie des int\u00e9r\u00eats courus tax\u00e9s au terme de la p\u00e9riode imposable pr\u00e9c\u00e9dente pour ce contrat. En ce qui concerne le montant des primes vers\u00e9es, celui-ci est r\u00e9duit proportionnellement en cas de rachat partiel du contrat.<\/p>\n\n\n\n<p class=\"wp-block-paragraph\">Les soci\u00e9t\u00e9s non soumises \u00e0 l\u2019imp\u00f4t des soci\u00e9t\u00e9s (telle que peut l\u2019\u00eatre une ASBL par exemple) ne sont pas concern\u00e9es par cette loi. Par cons\u00e9quent, celles-ci ne sont pas impact\u00e9es par ces nouveaut\u00e9s fiscales.<\/p>\n\n\n\n<p class=\"wp-block-paragraph\"><strong>Quid des soci\u00e9t\u00e9s qui, jusqu\u2019\u00e0 aujourd\u2019hui, n\u2019ont int\u00e9gr\u00e9 que les plus-values r\u00e9alis\u00e9es dans leur comptabilit\u00e9 ?<\/strong><\/p>\n\n\n\n<p class=\"wp-block-paragraph\">Dans le cas o\u00f9 ces soci\u00e9t\u00e9s sont impos\u00e9es \u00e0 l\u2019imp\u00f4t des soci\u00e9t\u00e9s et donc soumises \u00e0 l\u2019article 362bis du CIR92, alors celles-ci devront d\u00e9sormais int\u00e9grer les plus-values latentes de leur contrat de capitalisation dans leur comptabilit\u00e9, en plus des plus-values r\u00e9alis\u00e9es et des moins-values latentes\/r\u00e9alis\u00e9es d\u00e9j\u00e0 int\u00e9gr\u00e9es.&nbsp;<\/p>\n\n\n\n<p class=\"wp-block-paragraph\">Source&nbsp;: Baloise Lux Info du 17 01 2024<\/p>","protected":false},"excerpt":{"rendered":"<p>La loi du 28 d\u00e9cembre 2023 portant des dispositions fiscales diverses a \u00e9t\u00e9 publi\u00e9e au Moniteur Belge le 29 d\u00e9cembre 2023 et est entr\u00e9e en vigueur le lundi 8 janvier [&hellip;]<\/p>\n","protected":false},"author":103368777,"featured_media":14582,"comment_status":"closed","ping_status":"closed","sticky":false,"template":"","format":"standard","meta":{"_crdt_document":"","advanced_seo_description":"","jetpack_seo_html_title":"","jetpack_seo_noindex":false,"jetpack_post_was_ever_published":false,"_jetpack_newsletter_access":"","_jetpack_dont_email_post_to_subs":false,"_jetpack_newsletter_tier_id":0,"_jetpack_memberships_contains_paywalled_content":false,"_jetpack_memberships_contains_paid_content":false,"footnotes":"","jetpack_publicize_message":"","jetpack_publicize_feature_enabled":true,"jetpack_social_post_already_shared":true,"jetpack_social_options":{"image_generator_settings":{"template":"highway","default_image_id":0,"font":"","enabled":false},"version":2}},"categories":[6424,6408],"tags":[6421,6420,6423,6391,6419,6422,6387],"class_list":["post-14579","post","type-post","status-publish","format-standard","has-post-thumbnail","hentry","category-fiscalite","category-societe","tag-belgique","tag-capitalisation","tag-contrat","tag-fiscalite","tag-impots-2","tag-luxembourg","tag-societe"],"jetpack_publicize_connections":[],"jetpack_featured_media_url":"https:\/\/i0.wp.com\/quercus-rc.be\/wp-content\/uploads\/2024\/01\/pexels-expect-best-323705.jpg?fit=6000%2C4000","jetpack_likes_enabled":true,"jetpack_sharing_enabled":true,"jetpack_shortlink":"https:\/\/wp.me\/pgPayC-3N9","jetpack-related-posts":[],"_links":{"self":[{"href":"http:\/\/quercus-rc.be\/en\/wp-json\/wp\/v2\/posts\/14579","targetHints":{"allow":["GET"]}}],"collection":[{"href":"http:\/\/quercus-rc.be\/en\/wp-json\/wp\/v2\/posts"}],"about":[{"href":"http:\/\/quercus-rc.be\/en\/wp-json\/wp\/v2\/types\/post"}],"author":[{"embeddable":true,"href":"http:\/\/quercus-rc.be\/en\/wp-json\/wp\/v2\/users\/103368777"}],"replies":[{"embeddable":true,"href":"http:\/\/quercus-rc.be\/en\/wp-json\/wp\/v2\/comments?post=14579"}],"version-history":[{"count":5,"href":"http:\/\/quercus-rc.be\/en\/wp-json\/wp\/v2\/posts\/14579\/revisions"}],"predecessor-version":[{"id":14675,"href":"http:\/\/quercus-rc.be\/en\/wp-json\/wp\/v2\/posts\/14579\/revisions\/14675"}],"wp:featuredmedia":[{"embeddable":true,"href":"http:\/\/quercus-rc.be\/en\/wp-json\/wp\/v2\/media\/14582"}],"wp:attachment":[{"href":"http:\/\/quercus-rc.be\/en\/wp-json\/wp\/v2\/media?parent=14579"}],"wp:term":[{"taxonomy":"category","embeddable":true,"href":"http:\/\/quercus-rc.be\/en\/wp-json\/wp\/v2\/categories?post=14579"},{"taxonomy":"post_tag","embeddable":true,"href":"http:\/\/quercus-rc.be\/en\/wp-json\/wp\/v2\/tags?post=14579"}],"curies":[{"name":"wp","href":"https:\/\/api.w.org\/{rel}","templated":true}]}}