{"id":14826,"date":"2024-03-31T12:57:39","date_gmt":"2024-03-31T10:57:39","guid":{"rendered":"https:\/\/quercus-rc.be\/?p=14826"},"modified":"2024-03-31T12:57:41","modified_gmt":"2024-03-31T10:57:41","slug":"le-mandat-de-protection-extrajudiciaire","status":"publish","type":"post","link":"http:\/\/quercus-rc.be\/en\/2024\/03\/31\/le-mandat-de-protection-extrajudiciaire\/","title":{"rendered":"Le mandat de protection extrajudiciaire"},"content":{"rendered":"<p class=\"wp-block-paragraph\"><strong>Une alternative \u00e0 la protection judiciaire<\/strong><\/p>\n\n\n\n<p class=\"wp-block-paragraph\">Il existe \u00e0 pr\u00e9sent des&nbsp;solutions pour prot\u00e9ger votre avenir et anticiper votre incapacit\u00e9 tout en respectant votre autonomie et votre volont\u00e9,&nbsp;sans pour autant \u00eatre plac\u00e9 sous le r\u00e9gime de la protection judiciaire&nbsp;(et sans devoir recourir \u00e0 un juge). Ainsi, depuis le 1er&nbsp;septembre 2014, le r\u00e9gime de l\u2019incapacit\u00e9 a enti\u00e8rement \u00e9t\u00e9 revu et corrig\u00e9&nbsp;: on privil\u00e9gie aujourd\u2019hui la \u00ab&nbsp;protection extrajudiciaire&nbsp;\u00bb, et on ne recourt \u00e0 la \u00ab&nbsp;protection judiciaire&nbsp;\u00bb (inspir\u00e9e du r\u00e9gime de l\u2019administration provisoire) qu\u2019\u00e0 titre subsidiaire et de fa\u00e7on limit\u00e9e \u00e0 ce qui est strictement n\u00e9cessaire.<\/p>\n\n\n\n<p class=\"wp-block-paragraph\">La&nbsp;protection extrajudiciaire&nbsp;prend la forme d\u2019un&nbsp;mandat. Pas besoin d\u2019un juge de paix&nbsp;:&nbsp;vous d\u00e9signez la personne de votre choix (le mandataire) qui pourra vous repr\u00e9senter pour les actes de gestion et d\u2019administration de tout ou partie de vos biens, d\u00e8s \u00e0 pr\u00e9sent ou plus tard&nbsp;(lorsque vous vous sentirez moins capable\u2026). En d\u2019autres termes, gr\u00e2ce au mandat, vous d\u00e9terminez vous-m\u00eame la mani\u00e8re dont votre patrimoine devra \u00eatre g\u00e9r\u00e9 lorsque vous ne serez plus en mesure de le faire (en raison de votre \u00e2ge ou de votre \u00e9tat de sant\u00e9).&nbsp;<\/p>\n\n\n\n<p class=\"wp-block-paragraph\">Depuis le 1er mars 2019, le champ d&#8217;application du mandat extrajudiciaire est \u00e9largi : il peut porter non seulement sur des actes relatifs aux biens, mais&nbsp;\u00e9galement&nbsp;sur des actes de repr\u00e9sentation&nbsp;relatifs aux personnes, et sur des&nbsp;actes de gestion.&nbsp;<\/p>\n\n\n\n<p class=\"wp-block-paragraph\">La capacit\u00e9 est la r\u00e8gle,&nbsp;l\u2019incapacit\u00e9 est l\u2019exception.<\/p>\n\n\n\n<p class=\"wp-block-paragraph\">La personne prot\u00e9g\u00e9e est d\u00e9sormais associ\u00e9e au processus en fonction de ses facult\u00e9s.&nbsp;<\/p>\n\n\n\n<p class=\"wp-block-paragraph\">Comment faire un mandat extrajudiciaire ?<\/p>\n\n\n\n<p class=\"wp-block-paragraph\">Vous pouvez r\u00e9diger votre mandat extrajudiciaire&nbsp;vous-m\u00eame, ou vous faire aider par un notaire.<\/p>\n\n\n\n<p class=\"wp-block-paragraph\">Dans certains cas, vous devez vous adresser \u00e0 un notaire. Par exemple si votre mandat pr\u00e9voit une donation ou la vente d\u2019un immeuble. L\u2019intervention du notaire co\u00fbte entre 300 et 500 EUR. Le co\u00fbt final varie en fonction du nombre de rendez-vous, de l&#8217;ampleur du document ou encore de la complexit\u00e9 de votre situation.&nbsp;<\/p>\n\n\n\n<p class=\"wp-block-paragraph\">Vous devez \u00eatre encore&nbsp;capable&nbsp;d\u2019exprimer votre volont\u00e9 au moment de r\u00e9diger ce mandat.<\/p>\n\n\n\n<p class=\"wp-block-paragraph\"><em>Le mandat doit contenir\u00a0:<\/em><\/p>\n\n\n\n<ul class=\"wp-block-list\">\n<li>votre nom et vos coordonn\u00e9es\u00a0;<\/li>\n\n\n\n<li>le nom du\u00a0mandataire\u00a0et ses coordonn\u00e9es.\u00a0 Cela peut \u00eatre un membre de votre famille, de votre entourage ou un ami proche ;<\/li>\n\n\n\n<li>les\u00a0pouvoirs donn\u00e9s\u00a0au mandataire concernant\u00a0:\n<ul class=\"wp-block-list\">\n<li>vous (par exemple, choisir la r\u00e9sidence, exercer les droits du patient) ;<br>et\/ou<\/li>\n\n\n\n<li>vos biens\u00a0 (par exemple, payer les factures, g\u00e9rer les comptes bancaires, rentrer la d\u00e9claration fiscale, faire des donations) ;<\/li>\n<\/ul>\n<\/li>\n\n\n\n<li>\u00e9ventuellement les modalit\u00e9s pour d\u00e9terminer\u00a0quand est mis\u00a0en \u0153uvre le mandat, souvent quand la personne est incapable (par exemple l\u2019incapacit\u00e9 doit \u00eatre constat\u00e9e par 2 certificats m\u00e9dicaux)\u00a0;<\/li>\n\n\n\n<li>\u00e9ventuellement des indications sur la mani\u00e8re dont vous souhaitez que vos biens soient g\u00e9r\u00e9s (vendre tel bien, mettre tel bien en location, faire telle donation,&#8230;) et des aspects plus personnels, comme organiser un d\u00e9m\u00e9nagement ou un placement en maison de repos. Vous pouvez m\u00eame d\u00e9signer la maison de repos de votre choix.<\/li>\n<\/ul>\n\n\n\n<p class=\"wp-block-paragraph\">Vous devez&nbsp;faire&nbsp;enregistrer votre mandat dans un registre sp\u00e9cial,&nbsp;le registre central des contrats de mandats (registre g\u00e9r\u00e9 par la F\u00e9d\u00e9ration des notaires). L&#8217;enregistrement co\u00fbte 18.15 EUR TVAC.<\/p>\n\n\n\n<ul class=\"wp-block-list\">\n<li>Si vous avez r\u00e9dig\u00e9 votre mandat avec un\u00a0notaire, il se charge d&#8217;enregistrer votre mandat.<\/li>\n\n\n\n<li>Si vous n&#8217;\u00eates pas pass\u00e9 par un notaire pour r\u00e9diger le mandat, vous pouvez le d\u00e9poser au greffe du juge de paix de votre r\u00e9sidence. Le\u00a0greffier\u00a0se charge alors de l\u2019enregistrement.\u00a0<\/li>\n<\/ul>\n\n\n\n<p class=\"wp-block-paragraph\">Si un jour, vous devenez incapable de g\u00e9rer vos biens, le mandataire met alors le mandat en \u0153uvre et ex\u00e9cute sa mission comme pr\u00e9vu dans le mandat. Le mandataire doit parfois faire constater l&#8217;incapacit\u00e9 du mandant par un m\u00e9decin. Il faut voir ce qui est pr\u00e9vu dans le mandat concernant la mise en \u0153uvre.&nbsp;<\/p>\n\n\n\n<p class=\"wp-block-paragraph\">Source&nbsp;:&nbsp;<a href=\"http:\/\/notaire.be\/\" target=\"_blank\" rel=\"noreferrer noopener\">Notaire.be<\/a>&nbsp;&amp; Droits quotidiens<\/p>\n\n\n\n<p class=\"wp-block-paragraph\"><\/p>","protected":false},"excerpt":{"rendered":"<p>Une alternative \u00e0 la protection judiciaire Il existe \u00e0 pr\u00e9sent des&nbsp;solutions pour prot\u00e9ger votre avenir et anticiper votre incapacit\u00e9 tout en respectant votre autonomie et votre volont\u00e9,&nbsp;sans pour autant \u00eatre [&hellip;]<\/p>\n","protected":false},"author":103368777,"featured_media":14830,"comment_status":"closed","ping_status":"closed","sticky":false,"template":"","format":"standard","meta":{"_crdt_document":"","advanced_seo_description":"","jetpack_seo_html_title":"","jetpack_seo_noindex":false,"jetpack_post_was_ever_published":false,"_jetpack_newsletter_access":"","_jetpack_dont_email_post_to_subs":false,"_jetpack_newsletter_tier_id":0,"_jetpack_memberships_contains_paywalled_content":false,"_jetpack_memberships_contains_paid_content":false,"footnotes":"","jetpack_publicize_message":"","jetpack_publicize_feature_enabled":true,"jetpack_social_post_already_shared":true,"jetpack_social_options":{"image_generator_settings":{"template":"highway","default_image_id":0,"font":"","enabled":false},"version":2}},"categories":[6424,6376],"tags":[6429,6427,6428],"class_list":["post-14826","post","type-post","status-publish","format-standard","has-post-thumbnail","hentry","category-fiscalite","category-gestion-financiere","tag-extrajudiciaire","tag-mandat","tag-protection"],"jetpack_publicize_connections":[],"jetpack_featured_media_url":"https:\/\/i0.wp.com\/quercus-rc.be\/wp-content\/uploads\/2024\/03\/mandat.jpg?fit=640%2C427","jetpack_likes_enabled":true,"jetpack_sharing_enabled":true,"jetpack_shortlink":"https:\/\/wp.me\/pgPayC-3R8","jetpack-related-posts":[],"_links":{"self":[{"href":"http:\/\/quercus-rc.be\/en\/wp-json\/wp\/v2\/posts\/14826","targetHints":{"allow":["GET"]}}],"collection":[{"href":"http:\/\/quercus-rc.be\/en\/wp-json\/wp\/v2\/posts"}],"about":[{"href":"http:\/\/quercus-rc.be\/en\/wp-json\/wp\/v2\/types\/post"}],"author":[{"embeddable":true,"href":"http:\/\/quercus-rc.be\/en\/wp-json\/wp\/v2\/users\/103368777"}],"replies":[{"embeddable":true,"href":"http:\/\/quercus-rc.be\/en\/wp-json\/wp\/v2\/comments?post=14826"}],"version-history":[{"count":3,"href":"http:\/\/quercus-rc.be\/en\/wp-json\/wp\/v2\/posts\/14826\/revisions"}],"predecessor-version":[{"id":14831,"href":"http:\/\/quercus-rc.be\/en\/wp-json\/wp\/v2\/posts\/14826\/revisions\/14831"}],"wp:featuredmedia":[{"embeddable":true,"href":"http:\/\/quercus-rc.be\/en\/wp-json\/wp\/v2\/media\/14830"}],"wp:attachment":[{"href":"http:\/\/quercus-rc.be\/en\/wp-json\/wp\/v2\/media?parent=14826"}],"wp:term":[{"taxonomy":"category","embeddable":true,"href":"http:\/\/quercus-rc.be\/en\/wp-json\/wp\/v2\/categories?post=14826"},{"taxonomy":"post_tag","embeddable":true,"href":"http:\/\/quercus-rc.be\/en\/wp-json\/wp\/v2\/tags?post=14826"}],"curies":[{"name":"wp","href":"https:\/\/api.w.org\/{rel}","templated":true}]}}